{"id":274,"date":"2021-07-01T21:37:46","date_gmt":"2021-07-01T19:37:46","guid":{"rendered":"http:\/\/www.rsc-nienburg.de\/?p=274"},"modified":"2026-01-24T16:16:38","modified_gmt":"2026-01-24T15:16:38","slug":"erfolgreicher-saisonstart-fuer-rsc-fahrer","status":"publish","type":"post","link":"https:\/\/www.rsc-nienburg.de\/?p=274","title":{"rendered":"Erfolgreicher Saisonstart f\u00fcr RSC-Fahrer"},"content":{"rendered":"<p style=\"text-align: center;\"><a href=\"https:\/\/www.dieharke.de\/Nachrichten\/Erfolgreicher-Saisonstart-fuer-RSC-Fahrer-128097.html\">Die Harke &#8211; Erfolgreicher Saisonstart f\u00fcr RSC-Fahrer<\/a><\/p>\n<h3 style=\"text-align: center;\">Radsport: Nienburger Jonas Wehrmann landet bei Landesmeisterschaft auf Rang drei, Martin Nitzschmann sichert sich bei der Alpen-Challenge Bronze im Team<\/h3>\n<p><b>Auf einen erfolgreichen Saisonstart blicken die Radsportler vom RSC Nienburg zur\u00fcck. Nach langer Corona-Pause fanden mit den Landesmeisterschaften im Einzelzeitfahren und der Alpen-Challenge in der Schweiz die ersten Radrennen der Saison 2021 statt.<\/b><\/p>\n<p>Dabei pr\u00e4sentierten sich die Sportler vom RSC Nienburg vor allem bei den Landesmeisterschaften im Einzelzeitfahren erfolgreich. Diese wurden auf einem zehn Kilometer langen Kurs in Pattensen ausgetragen, den es zweimal zu umrunden galt. B\u00f6iger Seitenwind und schlechte Stra\u00dfenverh\u00e4ltnisse stellten besondere Anforderungen an die Rennfahrer aus ganz Niedersachsen.<\/p>\n<h4 class=\"ImTitle\">Wehrmann f\u00e4hrt auf das Podium<\/h4>\n<p>Jonas Wehrmann konnte im Kampf um den Landesmeistertitel hinter dem ehemaligen KT-Profi Marcel Fr\u00f6se und Lokalmatador Fabian Schuppert auf das Podium fahren. Wehrmann, der f\u00fcr das TRIEBWERK-Energy Cycling-Team in der Bundesliga f\u00e4hrt, sicherte sich auf dem 20 Kilometer langen Kurs mit einer Durchschnittsgeschwindigkeit von fast 45 km\/h den dritten Platz und stellte damit trotz coronabedingter Pause seine starke Leistungsform unter Beweis.<\/p>\n<p>Auch Markus Heusler und Stefan Kastens, die in der Senioren-Zwei-Klasse (\u00fcber 40 Jahre) starteten, zeigten trotz der langen Rennpause, dass sich die unz\u00e4hligen Trainingskilometer und das Warten auf die Wiederaufnahme des Rennbetriebs auszahlten. Heusler belegte in seiner Altersklasse den siebten und Kastens den achten Rang.<\/p>\n<p>Rieke M\u00f6llering, die bereits beeindruckend in die Saison gestartet war, musste kurzfristig krankheitsbedingt beim Veranstalter absagen.<\/p>\n<p>Ein gro\u00dfer Dank gilt den Organisatoren, die sich trotz der hohen beh\u00f6rdlichen Auflagen bereit erkl\u00e4rt haben, die Landesmeisterschaften im Einzelzeitfahren auszutragen.<\/p>\n<h4 class=\"ImTitle\">Nitzschmann bei Alpen-Challenge<\/h4>\n<p>Parallel zu den Landesmeisterschaften im Zeitfahren startete Martin Nitzschmann mit seinem Teamkollegen von der Bundesligamannschaft \u201eTeam Sportforum\u201c bei der Alpen-Challenge in Lenzerheide. Die 116 Kilometer lange Strecke z\u00e4hlt mit 2800 H\u00f6henmetern zu den anspruchsvollsten Rennen in der Alpenregion.<\/p>\n<p><img loading=\"lazy\" decoding=\"async\" class=\"alignnone size-full wp-image-276\" src=\"http:\/\/rsc-nienburg.de\/wp-content\/uploads\/2021\/07\/Martin-Nitzschmann-Alpen.jpg\" alt=\"\" width=\"1200\" height=\"675\" srcset=\"https:\/\/rsc-nienburg.de\/wp-content\/uploads\/2021\/07\/Martin-Nitzschmann-Alpen.jpg 1200w, https:\/\/rsc-nienburg.de\/wp-content\/uploads\/2021\/07\/Martin-Nitzschmann-Alpen-300x169.jpg 300w, https:\/\/rsc-nienburg.de\/wp-content\/uploads\/2021\/07\/Martin-Nitzschmann-Alpen-1024x576.jpg 1024w, https:\/\/rsc-nienburg.de\/wp-content\/uploads\/2021\/07\/Martin-Nitzschmann-Alpen-768x432.jpg 768w\" sizes=\"auto, (max-width: 1200px) 100vw, 1200px\" \/><\/p>\n<p>Nitzschmann gelang es nach einem hektischen Start, sich in die zweite Gruppe vorzuk\u00e4mpfen. Mit dieser \u00fcberquerte er den Julierpass, den nur die bergfestesten Fahrer bezwingen konnten. Nach unz\u00e4hligen kr\u00e4fteraubenden Anstiegen und technisch anspruchsvollen Abfahrten, bei den Nitzschmann Geschwindigkeiten bis zu 90 km\/h erreichte, konnte der junge Nienburger am entscheidenden Schlussanstieg seine Kontrahenten abh\u00e4ngen. Nach vier Stunden Fahrzeit fuhr er als 22. \u00fcber die Ziellinie. Mit seinem Team konnte er sich den dritten Platz in der Teamwertung sichern.<\/p>\n<h4 class=\"ImTitle\">Wichtige Rennkilometer gesammelt<\/h4>\n<p>F\u00fcr Nitzschmann und Wehrmann waren sowohl die Landesmeisterschaft als auch die Alpen-Challenge eine wichtige Vorbereitung auf die in Stuttgart stattfindenden Deutschen Meisterschaften. Die beiden Nachwuchstalente vom RSC Nienburg , die unter anderem mit Profis wie John Degenkolb oder mit Emanuel Buchmann an den Start gingen, konnten hierbei weitere wichtige Rennkilometer sammeln.<\/p>\n","protected":false},"excerpt":{"rendered":"<p>Die Harke &#8211; Erfolgreicher Saisonstart f\u00fcr RSC-Fahrer Radsport: Nienburger Jonas Wehrmann landet bei Landesmeisterschaft auf Rang drei, Martin Nitzschmann sichert sich bei der Alpen-Challenge Bronze im Team Auf einen erfolgreichen Saisonstart blicken die Radsportler vom RSC Nienburg zur\u00fcck. Nach langer Corona-Pause fanden mit den Landesmeisterschaften im Einzelzeitfahren und der Alpen-Challenge in der Schweiz die ersten Radrennen der Saison 2021 statt. Dabei pr\u00e4sentierten sich die Sportler vom RSC Nienburg vor allem bei den Landesmeisterschaften im Einzelzeitfahren erfolgreich. Diese wurden auf einem zehn Kilometer langen Kurs in&#8230;<span class=\"clearfix clearfix-post\"><\/span><a href=\"https:\/\/www.rsc-nienburg.de\/?p=274\" class=\"more-link\"><span class=\"screen-reader-text\">&#8222;Erfolgreicher Saisonstart f\u00fcr RSC-Fahrer&#8220;<\/span> <span class=\"meta-nav\">&rarr;<\/span> weiterlesen<\/a><\/p>\n","protected":false},"author":1,"featured_media":275,"comment_status":"closed","ping_status":"closed","sticky":false,"template":"","format":"image","meta":{"footnotes":""},"categories":[8],"tags":[14],"class_list":["post-274","post","type-post","status-publish","format-image","has-post-thumbnail","hentry","category-presseartikel","tag-radrennen","post_format-post-format-image"],"_links":{"self":[{"href":"https:\/\/www.rsc-nienburg.de\/index.php?rest_route=\/wp\/v2\/posts\/274","targetHints":{"allow":["GET"]}}],"collection":[{"href":"https:\/\/www.rsc-nienburg.de\/index.php?rest_route=\/wp\/v2\/posts"}],"about":[{"href":"https:\/\/www.rsc-nienburg.de\/index.php?rest_route=\/wp\/v2\/types\/post"}],"author":[{"embeddable":true,"href":"https:\/\/www.rsc-nienburg.de\/index.php?rest_route=\/wp\/v2\/users\/1"}],"replies":[{"embeddable":true,"href":"https:\/\/www.rsc-nienburg.de\/index.php?rest_route=%2Fwp%2Fv2%2Fcomments&post=274"}],"version-history":[{"count":10,"href":"https:\/\/www.rsc-nienburg.de\/index.php?rest_route=\/wp\/v2\/posts\/274\/revisions"}],"predecessor-version":[{"id":430,"href":"https:\/\/www.rsc-nienburg.de\/index.php?rest_route=\/wp\/v2\/posts\/274\/revisions\/430"}],"wp:featuredmedia":[{"embeddable":true,"href":"https:\/\/www.rsc-nienburg.de\/index.php?rest_route=\/wp\/v2\/media\/275"}],"wp:attachment":[{"href":"https:\/\/www.rsc-nienburg.de\/index.php?rest_route=%2Fwp%2Fv2%2Fmedia&parent=274"}],"wp:term":[{"taxonomy":"category","embeddable":true,"href":"https:\/\/www.rsc-nienburg.de\/index.php?rest_route=%2Fwp%2Fv2%2Fcategories&post=274"},{"taxonomy":"post_tag","embeddable":true,"href":"https:\/\/www.rsc-nienburg.de\/index.php?rest_route=%2Fwp%2Fv2%2Ftags&post=274"}],"curies":[{"name":"wp","href":"https:\/\/api.w.org\/{rel}","templated":true}]}}